{"id":667,"date":"2023-01-14T23:26:39","date_gmt":"2023-01-14T23:26:39","guid":{"rendered":"https:\/\/www.huelvaholiday.com\/blog\/?p=667"},"modified":"2023-01-14T23:26:40","modified_gmt":"2023-01-14T23:26:40","slug":"semana-santa-ayamontina-patrimonio-cultural-de-la-humanidad","status":"publish","type":"post","link":"https:\/\/www.huelvaholiday.com\/blog\/semana-santa-ayamontina-patrimonio-cultural-de-la-humanidad\/","title":{"rendered":"Semana Santa Ayamontina, Patrimonio Cultural de la Humanidad"},"content":{"rendered":"\n<p>La Semana Santa en Ayamonte es una de las celebraciones m\u00e1s espectaculares de Andaluc\u00eda. <\/p>\n\n\n\n<p>Con procesiones impresionantes y una gran variedad de actividades, esta peque\u00f1a localidad costera es el lugar perfecto para experimentar la verdadera essencia de la Semana Santa en Espa\u00f1a.<\/p>\n\n\n\n<p>La celebraci\u00f3n de la Semana Santa en Ayamonte comienza con el Domingo de Ramos, cuando se celebra la entrada triunfal de Jes\u00fas en Jerusal\u00e9n. Durante esta celebraci\u00f3n, las calles de Ayamonte se llenan de procesiones impresionantes, con costaleros que cargan con grandes pasos de madera con figuras religiosas.<\/p>\n\n\n\n<p>El Jueves Santo es el d\u00eda m\u00e1s importante de la Semana Santa en Ayamonte. Durante esta celebraci\u00f3n, las procesiones recorren las calles de la ciudad con un gran despliegue de costaleros y tronos que representan a Jes\u00fas y a la Virgen Mar\u00eda. La procesi\u00f3n del \u00abSilencio\u00bb es uno de los momentos m\u00e1s emotivos de esta celebraci\u00f3n y es una experiencia \u00fanica que debes vivir.<\/p>\n\n\n\n<p>El Viernes Santo es el d\u00eda de mayor tristeza durante la Semana Santa en Ayamonte, con procesiones que recuerdan la crucifixi\u00f3n de Jes\u00fas. Los penitentes con t\u00fanicas negras y capirotes, cargando con grandes cruces y candelas, recorren las calles de la ciudad en un ambiente de gran piedad y contemplaci\u00f3n.<\/p>\n\n\n\n<p>El Domingo de Resurrecci\u00f3n es el d\u00eda de mayor alegr\u00eda durante la Semana Santa en Ayamonte, con procesiones que celebran la resurrecci\u00f3n de Jes\u00fas. Durante esta celebraci\u00f3n, las calles de la ciudad se llenan de color y alegr\u00eda, con bandas de m\u00fasica y una gran variedad de actividades para toda la familia.<\/p>\n\n\n\n<p>En resumen, la Semana Santa en Ayamonte es una celebraci\u00f3n impresionante que no debes perderte. Con procesiones impresionantes y una gran variedad de actividades, esta peque\u00f1a localidad costera es el lugar perfecto para experimentar la verdadera essencia de la Semana Santa en Espa\u00f1a. Planifica tu viaje con tiempo y disfruta de una de las celebraciones m\u00e1s espectaculares de Andaluc\u00eda.<\/p>\n","protected":false},"excerpt":{"rendered":"<p>La Semana Santa en Ayamonte es una de las celebraciones m\u00e1s espectaculares de Andaluc\u00eda. Con procesiones impresionantes y una gran&#8230;<\/p>\n","protected":false},"author":2,"featured_media":668,"comment_status":"open","ping_status":"open","sticky":false,"template":"","format":"standard","meta":{"footnotes":""},"categories":[45],"tags":[],"yoast_head":"<!-- This site is optimized with the Yoast SEO plugin v22.4 - https:\/\/yoast.com\/wordpress\/plugins\/seo\/ -->\n<title>Semana Santa Ayamontina, Patrimonio Cultural de la Humanidad - Huelva Holiday BLOG<\/title>\n<meta name=\"robots\" content=\"index, follow, max-snippet:-1, max-image-preview:large, max-video-preview:-1\" \/>\n<link rel=\"canonical\" href=\"https:\/\/www.huelvaholiday.com\/blog\/semana-santa-ayamontina-patrimonio-cultural-de-la-humanidad\/\" \/>\n<meta property=\"og:locale\" content=\"es_ES\" \/>\n<meta property=\"og:type\" content=\"article\" \/>\n<meta property=\"og:title\" content=\"Semana Santa Ayamontina, Patrimonio Cultural de la Humanidad - Huelva Holiday BLOG\" \/>\n<meta property=\"og:description\" content=\"La Semana Santa en Ayamonte es una de las celebraciones m\u00e1s espectaculares de Andaluc\u00eda. Con procesiones impresionantes y una gran...\" \/>\n<meta property=\"og:url\" content=\"https:\/\/www.huelvaholiday.com\/blog\/semana-santa-ayamontina-patrimonio-cultural-de-la-humanidad\/\" \/>\n<meta property=\"og:site_name\" content=\"Huelva Holiday BLOG\" \/>\n<meta property=\"article:author\" content=\"@homaholidays\" \/>\n<meta property=\"article:published_time\" content=\"2023-01-14T23:26:39+00:00\" \/>\n<meta property=\"article:modified_time\" content=\"2023-01-14T23:26:40+00:00\" \/>\n<meta property=\"og:image\" content=\"https:\/\/www.huelvaholiday.com\/blog\/wp-content\/uploads\/2023\/01\/IMG-20210221-WA0000.jpg\" \/>\n\t<meta property=\"og:image:width\" content=\"1080\" \/>\n\t<meta property=\"og:image:height\" content=\"1523\" \/>\n\t<meta property=\"og:image:type\" content=\"image\/jpeg\" \/>\n<meta name=\"author\" content=\"HOMA Holidays\" \/>\n<meta name=\"twitter:card\" content=\"summary_large_image\" \/>\n<meta name=\"twitter:label1\" content=\"Escrito por\" \/>\n\t<meta name=\"twitter:data1\" content=\"HOMA Holidays\" \/>\n\t<meta name=\"twitter:label2\" content=\"Tiempo de lectura\" \/>\n\t<meta name=\"twitter:data2\" content=\"2 minutos\" \/>\n<script type=\"application\/ld+json\" class=\"yoast-schema-graph\">{\"@context\":\"https:\/\/schema.org\",\"@graph\":[{\"@type\":\"WebPage\",\"@id\":\"https:\/\/www.huelvaholiday.com\/blog\/semana-santa-ayamontina-patrimonio-cultural-de-la-humanidad\/\",\"url\":\"https:\/\/www.huelvaholiday.com\/blog\/semana-santa-ayamontina-patrimonio-cultural-de-la-humanidad\/\",\"name\":\"Semana Santa Ayamontina, Patrimonio Cultural de la Humanidad - Huelva Holiday BLOG\",\"isPartOf\":{\"@id\":\"https:\/\/www.huelvaholiday.com\/blog\/#website\"},\"primaryImageOfPage\":{\"@id\":\"https:\/\/www.huelvaholiday.com\/blog\/semana-santa-ayamontina-patrimonio-cultural-de-la-humanidad\/#primaryimage\"},\"image\":{\"@id\":\"https:\/\/www.huelvaholiday.com\/blog\/semana-santa-ayamontina-patrimonio-cultural-de-la-humanidad\/#primaryimage\"},\"thumbnailUrl\":\"https:\/\/www.huelvaholiday.com\/blog\/wp-content\/uploads\/2023\/01\/IMG-20210221-WA0000.jpg\",\"datePublished\":\"2023-01-14T23:26:39+00:00\",\"dateModified\":\"2023-01-14T23:26:40+00:00\",\"author\":{\"@id\":\"https:\/\/www.huelvaholiday.com\/blog\/#\/schema\/person\/c3d5776f5119dcfd946e918bb109c178\"},\"breadcrumb\":{\"@id\":\"https:\/\/www.huelvaholiday.com\/blog\/semana-santa-ayamontina-patrimonio-cultural-de-la-humanidad\/#breadcrumb\"},\"inLanguage\":\"es\",\"potentialAction\":[{\"@type\":\"ReadAction\",\"target\":[\"https:\/\/www.huelvaholiday.com\/blog\/semana-santa-ayamontina-patrimonio-cultural-de-la-humanidad\/\"]}]},{\"@type\":\"ImageObject\",\"inLanguage\":\"es\",\"@id\":\"https:\/\/www.huelvaholiday.com\/blog\/semana-santa-ayamontina-patrimonio-cultural-de-la-humanidad\/#primaryimage\",\"url\":\"https:\/\/www.huelvaholiday.com\/blog\/wp-content\/uploads\/2023\/01\/IMG-20210221-WA0000.jpg\",\"contentUrl\":\"https:\/\/www.huelvaholiday.com\/blog\/wp-content\/uploads\/2023\/01\/IMG-20210221-WA0000.jpg\",\"width\":1080,\"height\":1523},{\"@type\":\"BreadcrumbList\",\"@id\":\"https:\/\/www.huelvaholiday.com\/blog\/semana-santa-ayamontina-patrimonio-cultural-de-la-humanidad\/#breadcrumb\",\"itemListElement\":[{\"@type\":\"ListItem\",\"position\":1,\"name\":\"Portada\",\"item\":\"https:\/\/www.huelvaholiday.com\/blog\/\"},{\"@type\":\"ListItem\",\"position\":2,\"name\":\"Semana Santa Ayamontina, Patrimonio Cultural de la Humanidad\"}]},{\"@type\":\"WebSite\",\"@id\":\"https:\/\/www.huelvaholiday.com\/blog\/#website\",\"url\":\"https:\/\/www.huelvaholiday.com\/blog\/\",\"name\":\"Huelva Holiday BLOG\",\"description\":\"Huelva Holiday\",\"potentialAction\":[{\"@type\":\"SearchAction\",\"target\":{\"@type\":\"EntryPoint\",\"urlTemplate\":\"https:\/\/www.huelvaholiday.com\/blog\/?s={search_term_string}\"},\"query-input\":\"required name=search_term_string\"}],\"inLanguage\":\"es\"},{\"@type\":\"Person\",\"@id\":\"https:\/\/www.huelvaholiday.com\/blog\/#\/schema\/person\/c3d5776f5119dcfd946e918bb109c178\",\"name\":\"HOMA Holidays\",\"image\":{\"@type\":\"ImageObject\",\"inLanguage\":\"es\",\"@id\":\"https:\/\/www.huelvaholiday.com\/blog\/#\/schema\/person\/image\/\",\"url\":\"https:\/\/secure.gravatar.com\/avatar\/f8393c3f483aebe3d548cf720b8d66c4?s=96&d=mm&r=g\",\"contentUrl\":\"https:\/\/secure.gravatar.com\/avatar\/f8393c3f483aebe3d548cf720b8d66c4?s=96&d=mm&r=g\",\"caption\":\"HOMA Holidays\"},\"sameAs\":[\"http:\/\/www.homaholidays.es\",\"@homaholidays\",\"https:\/\/www.linkedin.com\/company\/isla-canela-tours-&-services-sl\/mycompany\/verification\/?viewAsMember=true\"],\"url\":\"https:\/\/www.huelvaholiday.com\/blog\/author\/islacanelatours\/\"}]}<\/script>\n<!-- \/ Yoast SEO plugin. -->","yoast_head_json":{"title":"Semana Santa Ayamontina, Patrimonio Cultural de la Humanidad - Huelva Holiday BLOG","robots":{"index":"index","follow":"follow","max-snippet":"max-snippet:-1","max-image-preview":"max-image-preview:large","max-video-preview":"max-video-preview:-1"},"canonical":"https:\/\/www.huelvaholiday.com\/blog\/semana-santa-ayamontina-patrimonio-cultural-de-la-humanidad\/","og_locale":"es_ES","og_type":"article","og_title":"Semana Santa Ayamontina, Patrimonio Cultural de la Humanidad - Huelva Holiday BLOG","og_description":"La Semana Santa en Ayamonte es una de las celebraciones m\u00e1s espectaculares de Andaluc\u00eda. Con procesiones impresionantes y una gran...","og_url":"https:\/\/www.huelvaholiday.com\/blog\/semana-santa-ayamontina-patrimonio-cultural-de-la-humanidad\/","og_site_name":"Huelva Holiday BLOG","article_author":"@homaholidays","article_published_time":"2023-01-14T23:26:39+00:00","article_modified_time":"2023-01-14T23:26:40+00:00","og_image":[{"width":1080,"height":1523,"url":"https:\/\/www.huelvaholiday.com\/blog\/wp-content\/uploads\/2023\/01\/IMG-20210221-WA0000.jpg","type":"image\/jpeg"}],"author":"HOMA Holidays","twitter_card":"summary_large_image","twitter_misc":{"Escrito por":"HOMA Holidays","Tiempo de lectura":"2 minutos"},"schema":{"@context":"https:\/\/schema.org","@graph":[{"@type":"WebPage","@id":"https:\/\/www.huelvaholiday.com\/blog\/semana-santa-ayamontina-patrimonio-cultural-de-la-humanidad\/","url":"https:\/\/www.huelvaholiday.com\/blog\/semana-santa-ayamontina-patrimonio-cultural-de-la-humanidad\/","name":"Semana Santa Ayamontina, Patrimonio Cultural de la Humanidad - Huelva Holiday BLOG","isPartOf":{"@id":"https:\/\/www.huelvaholiday.com\/blog\/#website"},"primaryImageOfPage":{"@id":"https:\/\/www.huelvaholiday.com\/blog\/semana-santa-ayamontina-patrimonio-cultural-de-la-humanidad\/#primaryimage"},"image":{"@id":"https:\/\/www.huelvaholiday.com\/blog\/semana-santa-ayamontina-patrimonio-cultural-de-la-humanidad\/#primaryimage"},"thumbnailUrl":"https:\/\/www.huelvaholiday.com\/blog\/wp-content\/uploads\/2023\/01\/IMG-20210221-WA0000.jpg","datePublished":"2023-01-14T23:26:39+00:00","dateModified":"2023-01-14T23:26:40+00:00","author":{"@id":"https:\/\/www.huelvaholiday.com\/blog\/#\/schema\/person\/c3d5776f5119dcfd946e918bb109c178"},"breadcrumb":{"@id":"https:\/\/www.huelvaholiday.com\/blog\/semana-santa-ayamontina-patrimonio-cultural-de-la-humanidad\/#breadcrumb"},"inLanguage":"es","potentialAction":[{"@type":"ReadAction","target":["https:\/\/www.huelvaholiday.com\/blog\/semana-santa-ayamontina-patrimonio-cultural-de-la-humanidad\/"]}]},{"@type":"ImageObject","inLanguage":"es","@id":"https:\/\/www.huelvaholiday.com\/blog\/semana-santa-ayamontina-patrimonio-cultural-de-la-humanidad\/#primaryimage","url":"https:\/\/www.huelvaholiday.com\/blog\/wp-content\/uploads\/2023\/01\/IMG-20210221-WA0000.jpg","contentUrl":"https:\/\/www.huelvaholiday.com\/blog\/wp-content\/uploads\/2023\/01\/IMG-20210221-WA0000.jpg","width":1080,"height":1523},{"@type":"BreadcrumbList","@id":"https:\/\/www.huelvaholiday.com\/blog\/semana-santa-ayamontina-patrimonio-cultural-de-la-humanidad\/#breadcrumb","itemListElement":[{"@type":"ListItem","position":1,"name":"Portada","item":"https:\/\/www.huelvaholiday.com\/blog\/"},{"@type":"ListItem","position":2,"name":"Semana Santa Ayamontina, Patrimonio Cultural de la Humanidad"}]},{"@type":"WebSite","@id":"https:\/\/www.huelvaholiday.com\/blog\/#website","url":"https:\/\/www.huelvaholiday.com\/blog\/","name":"Huelva Holiday BLOG","description":"Huelva Holiday","potentialAction":[{"@type":"SearchAction","target":{"@type":"EntryPoint","urlTemplate":"https:\/\/www.huelvaholiday.com\/blog\/?s={search_term_string}"},"query-input":"required name=search_term_string"}],"inLanguage":"es"},{"@type":"Person","@id":"https:\/\/www.huelvaholiday.com\/blog\/#\/schema\/person\/c3d5776f5119dcfd946e918bb109c178","name":"HOMA Holidays","image":{"@type":"ImageObject","inLanguage":"es","@id":"https:\/\/www.huelvaholiday.com\/blog\/#\/schema\/person\/image\/","url":"https:\/\/secure.gravatar.com\/avatar\/f8393c3f483aebe3d548cf720b8d66c4?s=96&d=mm&r=g","contentUrl":"https:\/\/secure.gravatar.com\/avatar\/f8393c3f483aebe3d548cf720b8d66c4?s=96&d=mm&r=g","caption":"HOMA Holidays"},"sameAs":["http:\/\/www.homaholidays.es","@homaholidays","https:\/\/www.linkedin.com\/company\/isla-canela-tours-&-services-sl\/mycompany\/verification\/?viewAsMember=true"],"url":"https:\/\/www.huelvaholiday.com\/blog\/author\/islacanelatours\/"}]}},"_links":{"self":[{"href":"https:\/\/www.huelvaholiday.com\/blog\/wp-json\/wp\/v2\/posts\/667"}],"collection":[{"href":"https:\/\/www.huelvaholiday.com\/blog\/wp-json\/wp\/v2\/posts"}],"about":[{"href":"https:\/\/www.huelvaholiday.com\/blog\/wp-json\/wp\/v2\/types\/post"}],"author":[{"embeddable":true,"href":"https:\/\/www.huelvaholiday.com\/blog\/wp-json\/wp\/v2\/users\/2"}],"replies":[{"embeddable":true,"href":"https:\/\/www.huelvaholiday.com\/blog\/wp-json\/wp\/v2\/comments?post=667"}],"version-history":[{"count":1,"href":"https:\/\/www.huelvaholiday.com\/blog\/wp-json\/wp\/v2\/posts\/667\/revisions"}],"predecessor-version":[{"id":675,"href":"https:\/\/www.huelvaholiday.com\/blog\/wp-json\/wp\/v2\/posts\/667\/revisions\/675"}],"wp:featuredmedia":[{"embeddable":true,"href":"https:\/\/www.huelvaholiday.com\/blog\/wp-json\/wp\/v2\/media\/668"}],"wp:attachment":[{"href":"https:\/\/www.huelvaholiday.com\/blog\/wp-json\/wp\/v2\/media?parent=667"}],"wp:term":[{"taxonomy":"category","embeddable":true,"href":"https:\/\/www.huelvaholiday.com\/blog\/wp-json\/wp\/v2\/categories?post=667"},{"taxonomy":"post_tag","embeddable":true,"href":"https:\/\/www.huelvaholiday.com\/blog\/wp-json\/wp\/v2\/tags?post=667"}],"curies":[{"name":"wp","href":"https:\/\/api.w.org\/{rel}","templated":true}]}}