{"id":352,"date":"2019-06-01T07:32:27","date_gmt":"2019-06-01T07:32:27","guid":{"rendered":"https:\/\/www.huelvaholiday.com\/blog\/visita-ayamonte-en-un-vuelo-3d\/"},"modified":"2022-12-01T14:01:30","modified_gmt":"2022-12-01T14:01:30","slug":"lar-kanna-stranderna-isla-canela-och-punta-del-moral-ayamonte","status":"publish","type":"post","link":"https:\/\/www.huelvaholiday.com\/blog\/sv\/lar-kanna-stranderna-isla-canela-och-punta-del-moral-ayamonte\/","title":{"rendered":"Bes\u00f6k Ayamonte och dess str\u00e4nder p\u00e5 ett flyg."},"content":{"rendered":"\n<p>Nu kan du flyga och l\u00e4ra k\u00e4nna Ayamonte fr\u00e5n f\u00e5t\u00f6ljen hemma! <br>Vi har valt ut 4 videor av omr\u00e5det som flyger \u00f6ver Isla Canela, Punta del Moral, Isla Canela Golf och Costa Esuri s\u00e5 att du kan l\u00e4ra k\u00e4nna denna underbara stad i s\u00f6dra s\u00f6der, med sina imponerande solnedg\u00e5ngar, omgiven av str\u00e4nder, Portugisiska Algarve, k\u00e4rr och golfbanor. Naturligtvis, f\u00f6r att s\u00e4tta din fot i Ayamonte, m\u00e5ste du resa personligen&#8230; Du kommer inte \u00e5ngra!<br>Vi v\u00e4ntar p\u00e5 dig p\u00e5 HOMA Holidays!<\/p>\n\n\n\n<div class=\"wp-block-group\"><div class=\"wp-block-group__inner-container is-layout-flow wp-block-group-is-layout-flow\">\n<div class=\"wp-block-group\"><div class=\"wp-block-group__inner-container is-layout-flow wp-block-group-is-layout-flow\">\n<div style=\"height:100px\" aria-hidden=\"true\" class=\"wp-block-spacer\"><\/div>\n<\/div><\/div>\n<\/div><\/div>\n\n\n\n<figure class=\"wp-block-embed-vimeo wp-block-embed is-type-video is-provider-vimeo wp-embed-aspect-21-9 wp-has-aspect-ratio\"><div class=\"wp-block-embed__wrapper\">\n<iframe loading=\"lazy\" title=\"Ayamonte, un lapso de tiempo entre el cielo y el suelo\" src=\"https:\/\/player.vimeo.com\/video\/88586061?h=d6ebb4d000&amp;dnt=1&amp;app_id=122963\" width=\"751\" height=\"321\" frameborder=\"0\" allow=\"autoplay; fullscreen; picture-in-picture\" allowfullscreen><\/iframe>\n<\/div><figcaption><strong><span class=\"has-inline-color has-very-dark-gray-color\">Ayamonte, ett tidsf\u00f6rlopp mellan himmel och mark &#8211; by To\u00f1o M\u00e9ndez &#8211;<\/span><\/strong><\/figcaption><\/figure>\n\n\n\n<div style=\"height:100px\" aria-hidden=\"true\" class=\"wp-block-spacer\"><\/div>\n\n\n\n<div class=\"wp-block-group\"><div class=\"wp-block-group__inner-container is-layout-flow wp-block-group-is-layout-flow\">\n<div class=\"wp-block-group\"><div class=\"wp-block-group__inner-container is-layout-flow wp-block-group-is-layout-flow\">\n<div class=\"wp-block-group\"><div class=\"wp-block-group__inner-container is-layout-flow wp-block-group-is-layout-flow\">\n<figure class=\"wp-block-embed-vimeo aligncenter wp-block-embed is-type-video is-provider-vimeo wp-embed-aspect-16-9 wp-has-aspect-ratio\"><div class=\"wp-block-embed__wrapper\">\n<iframe loading=\"lazy\" title=\"India Mart&amp;iacute;nez y Ayamonte...\" src=\"https:\/\/player.vimeo.com\/video\/54723823?h=a0d3413b38&amp;dnt=1&amp;app_id=122963\" width=\"751\" height=\"422\" frameborder=\"0\" allow=\"autoplay; fullscreen; picture-in-picture\" allowfullscreen><\/iframe>\n<\/div><figcaption><strong>India Mart\u00ednez y Ayamonte\u2026 &#8211; by To\u00f1o M\u00e9ndez &#8211;<\/strong><\/figcaption><\/figure>\n<\/div><\/div>\n<\/div><\/div>\n<\/div><\/div>\n\n\n\n<div style=\"height:100px\" aria-hidden=\"true\" class=\"wp-block-spacer\"><\/div>\n\n\n\n<figure class=\"wp-block-embed-vimeo aligncenter wp-block-embed is-type-video is-provider-vimeo wp-embed-aspect-16-9 wp-has-aspect-ratio\"><div class=\"wp-block-embed__wrapper\">\n<iframe loading=\"lazy\" title=\"Isla Canela &amp;amp; Punta del Moral: Playas de Ayamonte\" src=\"https:\/\/player.vimeo.com\/video\/95716811?h=3cbfa45fd2&amp;dnt=1&amp;app_id=122963\" width=\"751\" height=\"422\" frameborder=\"0\" allow=\"autoplay; fullscreen; picture-in-picture\" allowfullscreen><\/iframe>\n<\/div><figcaption><strong>Isla Canela och Punta del Moral: Ayamontes str\u00e4nder &#8211; by To\u00f1o M\u00e9ndez &#8211;<\/strong><\/figcaption><\/figure>\n\n\n\n<div style=\"height:100px\" aria-hidden=\"true\" class=\"wp-block-spacer\"><\/div>\n\n\n\n<figure class=\"wp-block-embed-vimeo aligncenter wp-block-embed is-type-video is-provider-vimeo wp-embed-aspect-21-9 wp-has-aspect-ratio\"><div class=\"wp-block-embed__wrapper\">\n<iframe loading=\"lazy\" title=\"Ayamonte 2019 A&amp;ntilde;o Sorolla\" src=\"https:\/\/player.vimeo.com\/video\/345972745?h=612bb33b2b&amp;dnt=1&amp;app_id=122963\" width=\"751\" height=\"321\" frameborder=\"0\" allow=\"autoplay; fullscreen; picture-in-picture\" allowfullscreen><\/iframe>\n<\/div><figcaption><strong>Ayamonte 2019 A\u00f1o Sorolla &#8211; by To\u00f1o M\u00e9ndez &#8211;<\/strong><\/figcaption><\/figure>\n\n\n\n<div style=\"height:100px\" aria-hidden=\"true\" class=\"wp-block-spacer\"><\/div>\n\n\n\n<figure class=\"wp-block-image size-large\"><img loading=\"lazy\" decoding=\"async\" width=\"1190\" height=\"341\" src=\"https:\/\/www.huelvaholiday.com\/blog\/wp-content\/uploads\/2020\/09\/Pegatina-1.jpg\" alt=\"\" class=\"wp-image-332\" srcset=\"https:\/\/www.huelvaholiday.com\/blog\/wp-content\/uploads\/2020\/09\/Pegatina-1.jpg 1190w, https:\/\/www.huelvaholiday.com\/blog\/wp-content\/uploads\/2020\/09\/Pegatina-1-768x220.jpg 768w\" sizes=\"(max-width: 1190px) 100vw, 1190px\" \/><\/figure>\n","protected":false},"excerpt":{"rendered":"<p>Nu kan du flyga och l\u00e4ra k\u00e4nna Ayamonte fr\u00e5n f\u00e5t\u00f6ljen hemma! Vi har valt ut 4 videor av omr\u00e5det som&#8230;<\/p>\n","protected":false},"author":2,"featured_media":528,"comment_status":"open","ping_status":"open","sticky":true,"template":"","format":"standard","meta":{"footnotes":""},"categories":[112,113],"tags":[160,138,142,167,143,168,166,139,140,144,141],"yoast_head":"<!-- This site is optimized with the Yoast SEO plugin v22.4 - https:\/\/yoast.com\/wordpress\/plugins\/seo\/ -->\n<title>Bes\u00f6k Ayamonte och dess str\u00e4nder p\u00e5 ett flyg. - Huelva Holiday BLOG<\/title>\n<meta name=\"description\" content=\"\u00bfTe gusta conocer pueblos bonitos? En HOMA Holidays somos especialistas en Alquiler Vacacional. Tenemos tu apartamento perfecto en Playa, Centro y Golf.\" \/>\n<meta name=\"robots\" content=\"index, follow, max-snippet:-1, max-image-preview:large, max-video-preview:-1\" \/>\n<link rel=\"canonical\" href=\"https:\/\/www.huelvaholiday.com\/blog\/sv\/lar-kanna-stranderna-isla-canela-och-punta-del-moral-ayamonte\/\" \/>\n<meta property=\"og:locale\" content=\"sv_SE\" \/>\n<meta property=\"og:type\" content=\"article\" \/>\n<meta property=\"og:title\" content=\"Bes\u00f6k Ayamonte och dess str\u00e4nder p\u00e5 ett flyg. - Huelva Holiday BLOG\" \/>\n<meta property=\"og:description\" content=\"\u00bfTe gusta conocer pueblos bonitos? En HOMA Holidays somos especialistas en Alquiler Vacacional. Tenemos tu apartamento perfecto en Playa, Centro y Golf.\" \/>\n<meta property=\"og:url\" content=\"https:\/\/www.huelvaholiday.com\/blog\/sv\/lar-kanna-stranderna-isla-canela-och-punta-del-moral-ayamonte\/\" \/>\n<meta property=\"og:site_name\" content=\"Huelva Holiday BLOG\" \/>\n<meta property=\"article:author\" content=\"@homaholidays\" \/>\n<meta property=\"article:published_time\" content=\"2019-06-01T07:32:27+00:00\" \/>\n<meta property=\"article:modified_time\" content=\"2022-12-01T14:01:30+00:00\" \/>\n<meta property=\"og:image\" content=\"https:\/\/www.huelvaholiday.com\/blog\/wp-content\/uploads\/2019\/06\/Darsena-de-Ayamonte.jpg\" \/>\n\t<meta property=\"og:image:width\" content=\"231\" \/>\n\t<meta property=\"og:image:height\" content=\"218\" \/>\n\t<meta property=\"og:image:type\" content=\"image\/jpeg\" \/>\n<meta name=\"author\" content=\"HOMA Holidays\" \/>\n<meta name=\"twitter:card\" content=\"summary_large_image\" \/>\n<meta name=\"twitter:label1\" content=\"Skriven av\" \/>\n\t<meta name=\"twitter:data1\" content=\"HOMA Holidays\" \/>\n\t<meta name=\"twitter:label2\" content=\"Ber\u00e4knad l\u00e4stid\" \/>\n\t<meta name=\"twitter:data2\" content=\"1 minut\" \/>\n<script type=\"application\/ld+json\" class=\"yoast-schema-graph\">{\"@context\":\"https:\/\/schema.org\",\"@graph\":[{\"@type\":\"WebPage\",\"@id\":\"https:\/\/www.huelvaholiday.com\/blog\/sv\/lar-kanna-stranderna-isla-canela-och-punta-del-moral-ayamonte\/\",\"url\":\"https:\/\/www.huelvaholiday.com\/blog\/sv\/lar-kanna-stranderna-isla-canela-och-punta-del-moral-ayamonte\/\",\"name\":\"Bes\u00f6k Ayamonte och dess str\u00e4nder p\u00e5 ett flyg. - Huelva Holiday BLOG\",\"isPartOf\":{\"@id\":\"https:\/\/www.huelvaholiday.com\/blog\/sv\/#website\"},\"primaryImageOfPage\":{\"@id\":\"https:\/\/www.huelvaholiday.com\/blog\/sv\/lar-kanna-stranderna-isla-canela-och-punta-del-moral-ayamonte\/#primaryimage\"},\"image\":{\"@id\":\"https:\/\/www.huelvaholiday.com\/blog\/sv\/lar-kanna-stranderna-isla-canela-och-punta-del-moral-ayamonte\/#primaryimage\"},\"thumbnailUrl\":\"https:\/\/www.huelvaholiday.com\/blog\/wp-content\/uploads\/2019\/06\/Darsena-de-Ayamonte.jpg\",\"datePublished\":\"2019-06-01T07:32:27+00:00\",\"dateModified\":\"2022-12-01T14:01:30+00:00\",\"author\":{\"@id\":\"https:\/\/www.huelvaholiday.com\/blog\/sv\/#\/schema\/person\/c3d5776f5119dcfd946e918bb109c178\"},\"description\":\"\u00bfTe gusta conocer pueblos bonitos? En HOMA Holidays somos especialistas en Alquiler Vacacional. Tenemos tu apartamento perfecto en Playa, Centro y Golf.\",\"breadcrumb\":{\"@id\":\"https:\/\/www.huelvaholiday.com\/blog\/sv\/lar-kanna-stranderna-isla-canela-och-punta-del-moral-ayamonte\/#breadcrumb\"},\"inLanguage\":\"sv-SE\",\"potentialAction\":[{\"@type\":\"ReadAction\",\"target\":[\"https:\/\/www.huelvaholiday.com\/blog\/sv\/lar-kanna-stranderna-isla-canela-och-punta-del-moral-ayamonte\/\"]}]},{\"@type\":\"ImageObject\",\"inLanguage\":\"sv-SE\",\"@id\":\"https:\/\/www.huelvaholiday.com\/blog\/sv\/lar-kanna-stranderna-isla-canela-och-punta-del-moral-ayamonte\/#primaryimage\",\"url\":\"https:\/\/www.huelvaholiday.com\/blog\/wp-content\/uploads\/2019\/06\/Darsena-de-Ayamonte.jpg\",\"contentUrl\":\"https:\/\/www.huelvaholiday.com\/blog\/wp-content\/uploads\/2019\/06\/Darsena-de-Ayamonte.jpg\",\"width\":231,\"height\":218},{\"@type\":\"BreadcrumbList\",\"@id\":\"https:\/\/www.huelvaholiday.com\/blog\/sv\/lar-kanna-stranderna-isla-canela-och-punta-del-moral-ayamonte\/#breadcrumb\",\"itemListElement\":[{\"@type\":\"ListItem\",\"position\":1,\"name\":\"Portada\",\"item\":\"https:\/\/www.huelvaholiday.com\/blog\/sv\/\"},{\"@type\":\"ListItem\",\"position\":2,\"name\":\"Bes\u00f6k Ayamonte och dess str\u00e4nder p\u00e5 ett flyg.\"}]},{\"@type\":\"WebSite\",\"@id\":\"https:\/\/www.huelvaholiday.com\/blog\/sv\/#website\",\"url\":\"https:\/\/www.huelvaholiday.com\/blog\/sv\/\",\"name\":\"Huelva Holiday BLOG\",\"description\":\"Huelva Holiday\",\"potentialAction\":[{\"@type\":\"SearchAction\",\"target\":{\"@type\":\"EntryPoint\",\"urlTemplate\":\"https:\/\/www.huelvaholiday.com\/blog\/sv\/?s={search_term_string}\"},\"query-input\":\"required name=search_term_string\"}],\"inLanguage\":\"sv-SE\"},{\"@type\":\"Person\",\"@id\":\"https:\/\/www.huelvaholiday.com\/blog\/sv\/#\/schema\/person\/c3d5776f5119dcfd946e918bb109c178\",\"name\":\"HOMA Holidays\",\"image\":{\"@type\":\"ImageObject\",\"inLanguage\":\"sv-SE\",\"@id\":\"https:\/\/www.huelvaholiday.com\/blog\/sv\/#\/schema\/person\/image\/\",\"url\":\"https:\/\/secure.gravatar.com\/avatar\/f8393c3f483aebe3d548cf720b8d66c4?s=96&d=mm&r=g\",\"contentUrl\":\"https:\/\/secure.gravatar.com\/avatar\/f8393c3f483aebe3d548cf720b8d66c4?s=96&d=mm&r=g\",\"caption\":\"HOMA Holidays\"},\"sameAs\":[\"http:\/\/www.homaholidays.es\",\"@homaholidays\",\"https:\/\/www.linkedin.com\/company\/isla-canela-tours-&-services-sl\/mycompany\/verification\/?viewAsMember=true\"],\"url\":\"https:\/\/www.huelvaholiday.com\/blog\/sv\/author\/islacanelatours\/\"}]}<\/script>\n<!-- \/ Yoast SEO plugin. -->","yoast_head_json":{"title":"Bes\u00f6k Ayamonte och dess str\u00e4nder p\u00e5 ett flyg. - Huelva Holiday BLOG","description":"\u00bfTe gusta conocer pueblos bonitos? En HOMA Holidays somos especialistas en Alquiler Vacacional. Tenemos tu apartamento perfecto en Playa, Centro y Golf.","robots":{"index":"index","follow":"follow","max-snippet":"max-snippet:-1","max-image-preview":"max-image-preview:large","max-video-preview":"max-video-preview:-1"},"canonical":"https:\/\/www.huelvaholiday.com\/blog\/sv\/lar-kanna-stranderna-isla-canela-och-punta-del-moral-ayamonte\/","og_locale":"sv_SE","og_type":"article","og_title":"Bes\u00f6k Ayamonte och dess str\u00e4nder p\u00e5 ett flyg. - Huelva Holiday BLOG","og_description":"\u00bfTe gusta conocer pueblos bonitos? En HOMA Holidays somos especialistas en Alquiler Vacacional. Tenemos tu apartamento perfecto en Playa, Centro y Golf.","og_url":"https:\/\/www.huelvaholiday.com\/blog\/sv\/lar-kanna-stranderna-isla-canela-och-punta-del-moral-ayamonte\/","og_site_name":"Huelva Holiday BLOG","article_author":"@homaholidays","article_published_time":"2019-06-01T07:32:27+00:00","article_modified_time":"2022-12-01T14:01:30+00:00","og_image":[{"width":231,"height":218,"url":"https:\/\/www.huelvaholiday.com\/blog\/wp-content\/uploads\/2019\/06\/Darsena-de-Ayamonte.jpg","type":"image\/jpeg"}],"author":"HOMA Holidays","twitter_card":"summary_large_image","twitter_misc":{"Skriven av":"HOMA Holidays","Ber\u00e4knad l\u00e4stid":"1 minut"},"schema":{"@context":"https:\/\/schema.org","@graph":[{"@type":"WebPage","@id":"https:\/\/www.huelvaholiday.com\/blog\/sv\/lar-kanna-stranderna-isla-canela-och-punta-del-moral-ayamonte\/","url":"https:\/\/www.huelvaholiday.com\/blog\/sv\/lar-kanna-stranderna-isla-canela-och-punta-del-moral-ayamonte\/","name":"Bes\u00f6k Ayamonte och dess str\u00e4nder p\u00e5 ett flyg. - Huelva Holiday BLOG","isPartOf":{"@id":"https:\/\/www.huelvaholiday.com\/blog\/sv\/#website"},"primaryImageOfPage":{"@id":"https:\/\/www.huelvaholiday.com\/blog\/sv\/lar-kanna-stranderna-isla-canela-och-punta-del-moral-ayamonte\/#primaryimage"},"image":{"@id":"https:\/\/www.huelvaholiday.com\/blog\/sv\/lar-kanna-stranderna-isla-canela-och-punta-del-moral-ayamonte\/#primaryimage"},"thumbnailUrl":"https:\/\/www.huelvaholiday.com\/blog\/wp-content\/uploads\/2019\/06\/Darsena-de-Ayamonte.jpg","datePublished":"2019-06-01T07:32:27+00:00","dateModified":"2022-12-01T14:01:30+00:00","author":{"@id":"https:\/\/www.huelvaholiday.com\/blog\/sv\/#\/schema\/person\/c3d5776f5119dcfd946e918bb109c178"},"description":"\u00bfTe gusta conocer pueblos bonitos? En HOMA Holidays somos especialistas en Alquiler Vacacional. Tenemos tu apartamento perfecto en Playa, Centro y Golf.","breadcrumb":{"@id":"https:\/\/www.huelvaholiday.com\/blog\/sv\/lar-kanna-stranderna-isla-canela-och-punta-del-moral-ayamonte\/#breadcrumb"},"inLanguage":"sv-SE","potentialAction":[{"@type":"ReadAction","target":["https:\/\/www.huelvaholiday.com\/blog\/sv\/lar-kanna-stranderna-isla-canela-och-punta-del-moral-ayamonte\/"]}]},{"@type":"ImageObject","inLanguage":"sv-SE","@id":"https:\/\/www.huelvaholiday.com\/blog\/sv\/lar-kanna-stranderna-isla-canela-och-punta-del-moral-ayamonte\/#primaryimage","url":"https:\/\/www.huelvaholiday.com\/blog\/wp-content\/uploads\/2019\/06\/Darsena-de-Ayamonte.jpg","contentUrl":"https:\/\/www.huelvaholiday.com\/blog\/wp-content\/uploads\/2019\/06\/Darsena-de-Ayamonte.jpg","width":231,"height":218},{"@type":"BreadcrumbList","@id":"https:\/\/www.huelvaholiday.com\/blog\/sv\/lar-kanna-stranderna-isla-canela-och-punta-del-moral-ayamonte\/#breadcrumb","itemListElement":[{"@type":"ListItem","position":1,"name":"Portada","item":"https:\/\/www.huelvaholiday.com\/blog\/sv\/"},{"@type":"ListItem","position":2,"name":"Bes\u00f6k Ayamonte och dess str\u00e4nder p\u00e5 ett flyg."}]},{"@type":"WebSite","@id":"https:\/\/www.huelvaholiday.com\/blog\/sv\/#website","url":"https:\/\/www.huelvaholiday.com\/blog\/sv\/","name":"Huelva Holiday BLOG","description":"Huelva Holiday","potentialAction":[{"@type":"SearchAction","target":{"@type":"EntryPoint","urlTemplate":"https:\/\/www.huelvaholiday.com\/blog\/sv\/?s={search_term_string}"},"query-input":"required name=search_term_string"}],"inLanguage":"sv-SE"},{"@type":"Person","@id":"https:\/\/www.huelvaholiday.com\/blog\/sv\/#\/schema\/person\/c3d5776f5119dcfd946e918bb109c178","name":"HOMA Holidays","image":{"@type":"ImageObject","inLanguage":"sv-SE","@id":"https:\/\/www.huelvaholiday.com\/blog\/sv\/#\/schema\/person\/image\/","url":"https:\/\/secure.gravatar.com\/avatar\/f8393c3f483aebe3d548cf720b8d66c4?s=96&d=mm&r=g","contentUrl":"https:\/\/secure.gravatar.com\/avatar\/f8393c3f483aebe3d548cf720b8d66c4?s=96&d=mm&r=g","caption":"HOMA Holidays"},"sameAs":["http:\/\/www.homaholidays.es","@homaholidays","https:\/\/www.linkedin.com\/company\/isla-canela-tours-&-services-sl\/mycompany\/verification\/?viewAsMember=true"],"url":"https:\/\/www.huelvaholiday.com\/blog\/sv\/author\/islacanelatours\/"}]}},"_links":{"self":[{"href":"https:\/\/www.huelvaholiday.com\/blog\/sv\/wp-json\/wp\/v2\/posts\/352"}],"collection":[{"href":"https:\/\/www.huelvaholiday.com\/blog\/sv\/wp-json\/wp\/v2\/posts"}],"about":[{"href":"https:\/\/www.huelvaholiday.com\/blog\/sv\/wp-json\/wp\/v2\/types\/post"}],"author":[{"embeddable":true,"href":"https:\/\/www.huelvaholiday.com\/blog\/sv\/wp-json\/wp\/v2\/users\/2"}],"replies":[{"embeddable":true,"href":"https:\/\/www.huelvaholiday.com\/blog\/sv\/wp-json\/wp\/v2\/comments?post=352"}],"version-history":[{"count":8,"href":"https:\/\/www.huelvaholiday.com\/blog\/sv\/wp-json\/wp\/v2\/posts\/352\/revisions"}],"predecessor-version":[{"id":585,"href":"https:\/\/www.huelvaholiday.com\/blog\/sv\/wp-json\/wp\/v2\/posts\/352\/revisions\/585"}],"wp:featuredmedia":[{"embeddable":true,"href":"https:\/\/www.huelvaholiday.com\/blog\/sv\/wp-json\/wp\/v2\/media\/528"}],"wp:attachment":[{"href":"https:\/\/www.huelvaholiday.com\/blog\/sv\/wp-json\/wp\/v2\/media?parent=352"}],"wp:term":[{"taxonomy":"category","embeddable":true,"href":"https:\/\/www.huelvaholiday.com\/blog\/sv\/wp-json\/wp\/v2\/categories?post=352"},{"taxonomy":"post_tag","embeddable":true,"href":"https:\/\/www.huelvaholiday.com\/blog\/sv\/wp-json\/wp\/v2\/tags?post=352"}],"curies":[{"name":"wp","href":"https:\/\/api.w.org\/{rel}","templated":true}]}}